{"id":1029,"date":"2013-08-29T08:05:42","date_gmt":"2013-08-29T07:05:42","guid":{"rendered":"http:\/\/www.semicolon.no\/?p=1029"},"modified":"2021-05-25T08:39:54","modified_gmt":"2021-05-25T07:39:54","slug":"faos-rapporten-5-ar-etter-hvor-star-vi","status":"publish","type":"post","link":"https:\/\/www.semicolon.no\/?p=1029","title":{"rendered":"FAOS-Rapporten 5 \u00e5r etter &#8211; hvor st\u00e5r vi?"},"content":{"rendered":"<h1>8. M\u00d8TE I SAMHANDLINGSARENA \u2013 SEMICOLON II<\/h1>\n<hr \/>\n<h3><a href=\"https:\/\/www.semicolon.no\/wp-content\/uploads\/2013\/09\/2013-09-16-Haraldsen-SAMHANDLINGSARENA-SEMICOLON-FAOS.pdf\">Oppsummering fra m\u00f8tet<\/a><\/h3>\n<hr \/>\n<p>M\u00f8tet vil finne sted 16. september hos Kommunenes Sentralforbund, M\u00f8tesenteret Haakon VIIs gate 9, Oslo.<br \/>\n<iframe loading=\"lazy\" src=\"https:\/\/maps.google.com\/maps?f=q&amp;source=s_q&amp;hl=no&amp;geocode=&amp;q=KS+Oslo+og+Akershus+(Kommunenes+Sentralforbund),+Haakon+VIIs+Gate+9,+0161+Oslo,+Norge&amp;aq=1&amp;oq=Haakon+VIIs+gate+9+0161+Oslo+&amp;sll=37.0625,-95.677068&amp;sspn=42.716829,79.101563&amp;ie=UTF8&amp;hq=KS+Oslo+og+Akershus+(Kommunenes+Sentralforbund),&amp;hnear=Haakon+VIIs+gate+9,+Sentrum,+0161+Oslo,+Norge&amp;ll=59.914329,10.730699&amp;spn=0.006295,0.006295&amp;t=m&amp;output=embed\" width=\"425\" height=\"350\" frameborder=\"0\" marginwidth=\"0\" marginheight=\"0\" scrolling=\"no\"><\/iframe><br \/>\n<small><a style=\"color: #0000ff; text-align: left;\" href=\"https:\/\/maps.google.com\/maps?f=q&amp;source=embed&amp;hl=no&amp;geocode=&amp;q=KS+Oslo+og+Akershus+(Kommunenes+Sentralforbund),+Haakon+VIIs+Gate+9,+0161+Oslo,+Norge&amp;aq=1&amp;oq=Haakon+VIIs+gate+9+0161+Oslo+&amp;sll=37.0625,-95.677068&amp;sspn=42.716829,79.101563&amp;ie=UTF8&amp;hq=KS+Oslo+og+Akershus+(Kommunenes+Sentralforbund),&amp;hnear=Haakon+VIIs+gate+9,+Sentrum,+0161+Oslo,+Norge&amp;ll=59.914329,10.730699&amp;spn=0.006295,0.006295&amp;t=m\">Vis st\u00f8rre kart<\/a><\/small><br \/>\n<i>(Inngangen er i Rusel\u00f8kkveien, tvers overfor Nasjonaltheatret stasjon) M\u00f8tet vil finne sted i Auditorium Lindesnes<\/i><\/p>\n<p>\u00abDet blir stadig fremhevet at Norge er blant de fremste i digitalisering av samfunnet \u2013 b\u00e5de innen privat og offentlig sektor. Det er imidlertid et dilemma at de forventede gevinstene p\u00e5 mange omr\u00e5der uteblir \u2013 gevinster i form av bedre tjenester, h\u00f8yere grad av universelt tilpassede l\u00f8sninger og bedre utbredelse av elektroniske samhandlingsl\u00f8sninger for selvbetjening og automatisering. Det er derfor n\u00e6rliggende \u00e5 stille seg sp\u00f8rsm\u00e5let om hvorledes IKT-investeringene kan gj\u00f8res p\u00e5 en annerledes m\u00e5te, slik at nytteeffektene blir st\u00f8rre og slik at hver investert krone gir en h\u00f8yere gevinst i form av kvalitet og effektivitet. <strong>Det er bred enighet om at fellesl\u00f8sninger og samordning gjennom gjenbruk, flerbruk og standardisering er ett av midlene til \u00e5 f\u00e5 st\u00f8rre effekt av IKT-investeringene.<\/strong>\u00bb Innledningen i FAOS-rapporten<\/p>\n<p><a href=\"http:\/\/www.regjeringen.no\/upload\/FAD\/Vedlegg\/IKT-politikk\/Felles_IKT_arkitektur_off_sektor.pdf\">FAOS-rapporten \u2013 Felles Arkitektur for Offentlig Sektor<\/a> &#8211; ble lagt frem i 2008, og fikk stor oppslutning. Den ble senere et sentralt element i departementenes tildelingsbrev og styringsdialog, hvor en anbefalte at etatene la prinsippene i FAOS-rapporten til grunn ved elektronisk samhandling.<\/p>\n<p>Som sitatet ovenfor viser var FAOS-rapporten ment som en grunnstein i digitaliseringen av Norge. Det kom mange positive h\u00f8ringssvar, bla fra <a href=\"http:\/\/www.regjeringen.no\/upload\/FAD\/Vedlegg\/IKT-politikk\/FAOS\/Horing_FAOS_Semicolon.pdf\">Semicolon<\/a> og <a href=\"http:\/\/www.regjeringen.no\/upload\/FAD\/Vedlegg\/IKT-politikk\/FAOS\/Horing_FAOS_DNV.pdf\">Veritas<\/a>. Difi videreutviklet dette til forslag om Felleskomponenter. FAOS- rapporten omhandlet i liten grad kommunesektoren. KS tok derfor i 2009 initiativ til \u00e5 utarbeide en egen \u00abFAOS\u00bb-rapport for kommunesektoren som ble hetende Felles Arkitektur Kommunal Sektor) FAKS. Men beskriver FAOS-rapporten egentlig noe arkitektur-arbeid?<\/p>\n<p>ET sentralt punkt som FAOS-rapporten tar opp er kartlegging av \u00e5rsaker til at elektronisk samhandling ikke har kommet lenger. De peker p\u00e5 f\u00f8lgende \u00e5rsaker basert p\u00e5 intervjuer med ansatte i ulike etater:<\/p>\n<ul>\n<li>Manglende finansiering av tverrsektorielle IT-tiltak \u2013 64%<\/li>\n<li>Integrasjon med andres IT-systemer er for kostbart og komplisert &#8211; 54%<\/li>\n<li>Etatene tar i liten grad hensyn til andres behov ved utvikling av IT-l\u00f8sninger \u2013 51%<\/li>\n<li>Ulike tekniske standarder i grensesnitt, formater etc \u2013 48%<\/li>\n<li>Fagsystemene er ikke tilpasset utveksling av informasjon mellom etater -43%<\/li>\n<li>Ingen tar ansvar for \u00e5 samordne datadefinisjoner &#8211; 38%<\/li>\n<li>Ulike definisjoner i lover og regelverk hindrer felles begrepsbruk -29%<\/li>\n<li>Ingen samlet oversikt over datadefinisjoner hos dem det utveksles informasjon med &#8211; 28%<\/li>\n<\/ul>\n<p>I dette Samhandlingsm\u00f8tet vil vi sette s\u00f8kelyset p\u00e5 f\u00f8lgende sp\u00f8rsm\u00e5l:<\/p>\n<ul>\n<li>Hvor utbredt er prinsippene om felles IKT-arkitektur og felleskomponenter blitt?<\/li>\n<li>Hva er den praktiske erfaring i konkrete samhandlingsprosjekter?<\/li>\n<li>Er \u00abstoppfaktorene\u00bb de samme i dag som den gang?<\/li>\n<\/ul>\n<p>Disse \u2013 og flere sp\u00f8rsm\u00e5l \u2013 vil bli tatt opp i innleggene og i den p\u00e5f\u00f8lgende debatt.<\/p>\n<h1>PROGRAM<\/h1>\n<p><i>Innledende foredrag fra 10 til 12. <\/i><\/p>\n<p><i><br \/>\nM\u00f8teleder Frode Ettesvoll, More AS<\/i><\/p>\n<ul>\n<li><a href=\"https:\/\/www.semicolon.no\/wp-content\/uploads\/2013\/09\/2013-09-16-Grimstad-Innledning-m\u00f8te-8-FAOS.pdf\">Innledning om Semicolon-prosjektet<\/a> v\/ prosjektleder Terje Grimstad, Karde<\/li>\n<li><a href=\"https:\/\/www.semicolon.no\/wp-content\/uploads\/2013\/09\/2013-09-16-Grimstad-FAOS-5-\u00e5r-etter.pdf\">FAOS-rapporten \u2013 5 \u00e5r etter &#8211; hvor st\u00e5r vi?<\/a> v\/ daglig leder Terje Grimstad, Karde<\/li>\n<li><a href=\"https:\/\/www.semicolon.no\/wp-content\/uploads\/2013\/09\/2013-09-16-SKD-NorStella-160913.pdf\">Hvordan bruker Skatt FAOS-rapporten for \u00e5 oppn\u00e5 sine samordningsm\u00e5l?<\/a> v\/ IKT-direkt\u00f8r Karl Olav Wroldsen, Skattedirektoratet<\/li>\n<li><a href=\"https:\/\/www.semicolon.no\/wp-content\/uploads\/2013\/09\/2013-09-16_SHDIR_FAOS-prinsippene-i-Helse_sendt.pdf\">Erfaringer av FAOS-prinsippene i helsesektoren<\/a> v\/seniorr\u00e5dgiver Cath. Holten, Helsedirektoratet<\/li>\n<li><a href=\"https:\/\/www.semicolon.no\/wp-content\/uploads\/2013\/09\/2013-09-16-UDI-Samarbeidsarena-Presentasjon.pdf\">FAOS-rapporten \u2013 hva er bruken, erfaringene og nytten i UDI?<\/a> v\/ enhetsleder Geir Faremo, UDI<\/li>\n<li><a href=\"https:\/\/www.semicolon.no\/wp-content\/uploads\/2013\/09\/2013-09-16-DIFI-Felleskomponenter-Holstad.pdf\">Felleskomponenters betydning for den felles IKT-arkitektur<\/a> v\/ seniorr\u00e5dgiver Bj\u00f8rn Holstad, Difi<\/li>\n<li><a href=\"https:\/\/www.semicolon.no\/wp-content\/uploads\/2013\/09\/2013-09-16-Felles-IKT-arkitektur-i-kommunesektoren.pdf\">Felles IKT-arkitektur i kommunesektoren (FAKS)<\/a> v\/ seniorr\u00e5dgiver Rune Sandland, KommIT<\/li>\n<\/ul>\n<h2>Lunsj kl 12 &#8211; 12.30<\/h2>\n<ul>\n<li>12.30 \u2013 14.00 <a href=\"https:\/\/www.semicolon.no\/wp-content\/uploads\/2013\/09\/2013-09-16-Haraldsen-ordskifte-FAOS-m\u00f8te.pdf\">Paneldebatt Fasilitator:<\/a> Arild Haraldsen, NorStella<\/li>\n<\/ul>\n<h3>Om arrang\u00f8rene:<\/h3>\n<p>Semicolon II er et forskningsprosjekt delvis finansiert av Forskningsr\u00e5det. Form\u00e5let er \u00e5 belyse de utfordringer som offentlig sektor har i forhold til elektronisk samhandling, og \u00e5 bidra til \u00e5 overkomme de hindringer en ser, se <a href=\"https:\/\/www.semicolon.no\/\">www.semicolon.no<\/a>. Et viktig aspekt ved prosjektet er \u00e5 samle tverrfagige og tverrsektorielle milj\u00f8er i en felles m\u00f8tearena. Prosjektet ledes av Terje Grimstad, Karde.<\/p>\n<p>NorStella er en uavhengig stiftelse som arbeider for elektronisk samhandling ved bruk av \u00e5pne, internasjonale standarder, se <a href=\"https:\/\/www.norstella.no\">www.norstella.no<\/a><\/p>\n","protected":false},"excerpt":{"rendered":"<p>8. M\u00d8TE I SAMHANDLINGSARENA \u2013 SEMICOLON II Oppsummering fra m\u00f8tet M\u00f8tet vil finne sted 16. september hos Kommunenes Sentralforbund, M\u00f8tesenteret Haakon VIIs gate 9, Oslo. Vis st\u00f8rre kart (Inngangen er i Rusel\u00f8kkveien, tvers overfor Nasjonaltheatret stasjon) M\u00f8tet vil finne sted &hellip; <a href=\"https:\/\/www.semicolon.no\/?p=1029\">Continue reading <span class=\"meta-nav\">&rarr;<\/span><\/a><\/p>\n","protected":false},"author":2,"featured_media":0,"comment_status":"closed","ping_status":"closed","sticky":false,"template":"","format":"standard","meta":{"footnotes":""},"categories":[61,43],"tags":[],"class_list":["post-1029","post","type-post","status-publish","format-standard","hentry","category-nyheter","category-samhandling"],"_links":{"self":[{"href":"https:\/\/www.semicolon.no\/index.php?rest_route=\/wp\/v2\/posts\/1029","targetHints":{"allow":["GET"]}}],"collection":[{"href":"https:\/\/www.semicolon.no\/index.php?rest_route=\/wp\/v2\/posts"}],"about":[{"href":"https:\/\/www.semicolon.no\/index.php?rest_route=\/wp\/v2\/types\/post"}],"author":[{"embeddable":true,"href":"https:\/\/www.semicolon.no\/index.php?rest_route=\/wp\/v2\/users\/2"}],"replies":[{"embeddable":true,"href":"https:\/\/www.semicolon.no\/index.php?rest_route=%2Fwp%2Fv2%2Fcomments&post=1029"}],"version-history":[{"count":0,"href":"https:\/\/www.semicolon.no\/index.php?rest_route=\/wp\/v2\/posts\/1029\/revisions"}],"wp:attachment":[{"href":"https:\/\/www.semicolon.no\/index.php?rest_route=%2Fwp%2Fv2%2Fmedia&parent=1029"}],"wp:term":[{"taxonomy":"category","embeddable":true,"href":"https:\/\/www.semicolon.no\/index.php?rest_route=%2Fwp%2Fv2%2Fcategories&post=1029"},{"taxonomy":"post_tag","embeddable":true,"href":"https:\/\/www.semicolon.no\/index.php?rest_route=%2Fwp%2Fv2%2Ftags&post=1029"}],"curies":[{"name":"wp","href":"https:\/\/api.w.org\/{rel}","templated":true}]}}