{"id":1190,"date":"2014-10-30T09:49:52","date_gmt":"2014-10-30T08:49:52","guid":{"rendered":"http:\/\/www.semicolon.no\/?p=1190"},"modified":"2014-12-16T14:12:30","modified_gmt":"2014-12-16T13:12:30","slug":"malbilde-offentlig-sektor-2025-hva-ma-gjores","status":"publish","type":"post","link":"https:\/\/www.semicolon.no\/?p=1190","title":{"rendered":"M\u00e5lbilde offentlig sektor 2025 &#8211; Hva m\u00e5 gj\u00f8res"},"content":{"rendered":"<h1>10. Samhandlingsarena<\/h1>\n<h2>M\u00c5LBILDE OFFENTLIG SEKTOR 2025 \u2013 HVA M\u00c5 GJ\u00d8RES?<\/h2>\n<p><\/p>\n<h3>Samhandlingsarena #10 ble gjennomf\u00f8rt 11.Desember 2014 med over 80 p\u00e5meldte.<\/h3>\n<p>Presentasjoner er linket inn i programmet under.<\/p>\n<p><\/p>\n<p>Norge st\u00e5r ovenfor en ny \u00f8konomisk virkelighet. Eldreb\u00f8lgen og lavere oljeinntekter vil kreve en st\u00f8rre endring av b\u00e5de n\u00e6ringsliv, men ikke minst offentlig sektor. Men kriseforst\u00e5elsen er svak \u2013 delvis basert p\u00e5 mangel p\u00e5 kunnskap, men ogs\u00e5 mangel p\u00e5 forst\u00e5else av sammenhengen mellom offentlig og privat sektors betydning for den samlende verdiskapning. <\/p>\n<p>Regjeringen har nylig lagt frem sitt forslag til statsbudsjett som fokuserer p\u00e5 iverksetting av en avbyr\u00e5kratiserings- og effektiviseringsreform som vil sette st\u00f8rre krav til offentlig sektor om \u00abmer tjenester til mindre kostnad\u00bb. Samtidig er kostnadsveksten i offentlig sektor \u00f8kt mer enn tilsvarende i privat sektor de senere \u00e5r. Dette statsbudsjettet er ikke noe unntak. Tid for omstilling er n\u00e5, og IKT vil v\u00e6re et vesentlig virkemiddel i den prosessen..<\/p>\n<p>P\u00e5 dette seminaret vil vi f\u00e5 presentert og diskutert ulike scenarier for en fremtidig offentlig sektor basert p\u00e5 en endret \u00f8konomisk virkelighet. Sentrale sp\u00f8rsm\u00e5l vil v\u00e6re:<\/p>\n<ul>\n<li>Hvordan kan gode og kostnadseffektive offentlige tjenester til innbyggere og n\u00e6ringsliv bidra til \u00e5 flytte ressurser fra administrasjon til tjenesteyting?<\/li>\n<li>Hvilken betydning har organisering og styring, innovasjon og kunnskapsspredning, for \u00abdigitaliseringen\u00bb og samhandlingen av offentlig sektor? <\/li>\n<li>Hvilken verdig har n\u00e6rmere samspill mellom privat og offentlig sektor i \u00e5 utvikle nye samhandlende tjenester i offentlig sektor? <\/li>\n<li>Hvilken rolle vil og b\u00f8r et fremtidig Difi spille i denne sammenheng?<\/li>\n<\/ul>\n<h3>Bakgrunn<\/h3>\n<p>Regjeringen har satt i gang et program for digitalisering av offentlig sektor. \u00abForenkling\u00bb er budskapet, og \u00abfange tidstyver\u00bb er ett av virkemidlene. Men er dette grunnleggende nok? Og tar det hensyn til de utfordringene Norge som samfunn st\u00e5r ovenfor i \u00e5rene fremover, og hvor effektivisering av offentlig sektor er helt sentral for den \u00f8konomiske vekst og for v\u00e5r velferd?<\/p>\n<h4>Scenario Norge 2025<\/h4>\n<p>I f\u00f8lge Perspektivmeldingen fra Regjeringen, SSB og andre rapporter, er norsk \u00f8konomi i ferd med \u00e5 endres: Fra h\u00f8ye oljeinntekter og lave kostnader ved importerte forbruksartikler, vil norsk \u00f8konomi m\u00e5tte tilpasse seg lavere oljeinntekter og h\u00f8yere priser p\u00e5 forbruksartikler. I tillegg har produktivitetsveksten flatet ut de siste 5 \u00e5rene, innovasjonstakten har g\u00e5tt ned, og en aldrende befolkning inneb\u00e6rer at kravet til kvalitet og omfang av velferdstjenestene \u00f8ker, samtidig som produktiv arbeidskraft blir relativt sett mindre. <\/p>\n<h5>Konsekvenser for offentlig sektor<\/h5>\n<p>Dette har stor betydning for offentlig sektor. Sektoren st\u00e5r for en stadig st\u00f8rre andel av brutto nasjonalprodukt, samtidig som produktivitetsveksten er langt lavere enn i privat sektor. Den samlede offentlige gjeld (pensjonsforpliktelser) er st\u00f8rre enn oljefondet; kommunesektoren har de siste 6 \u00e5rene g\u00e5tt med et underskudd p\u00e5 i gjennomsnitt over 5 %; de totale offentlige utgiftene utgj\u00f8r i dag ca. kr 260 000 pr. innbygger. Det er i dag ca. 11 % av den totale arbeidskraft her i landet som produserer helse og omsorgstjenester; i 2060 vil behovet v\u00e6re 40 %. <\/p>\n<h4>Hva m\u00e5 gj\u00f8res?<\/h4>\n<p>Offentlig sektor som kostnadsfaktor, men ogs\u00e5 som driver i en omlegging av norsk \u00f8konomi, er derfor viktig. Og da er det kanskje viktigere med langsiktige og overordnede grep for Regjeringen i sin \u00abdigitalisering\u00bb av offentlig sektor. Grunnleggende politiske sp\u00f8rsm\u00e5l er derfor hvorfor en skal digitalisere: For \u00e5 kutte kostnader, eller gj\u00f8re offentlig sektor til en drivkraft for ny \u00f8konomi i samarbeid med privat sektor? Et eksempel: Det offentlige bruker i dag 400 milliarder i offentlige innkj\u00f8p; det utgj\u00f8r halvparten av de offentlige budsjetter (80 000 pr. innbygger), eller ca 15 % av brutto nasjonalprodukt her i landet. Allikevel mener mange at en har en innkj\u00f8psordning som hindrer innovasjon i samspill med leverand\u00f8rene. Et annet eksempel er mangelen p\u00e5 samordning og deling av informasjon \u2013 her vil en aktiv samordningspolitikk spare offentlig sektor for milliarder, samtidig som det gi innbyggere og n\u00e6ringsliv bedre og mer relevante tjenester. <\/p>\n<h4>M\u00e5lbildet offentlig sektor 2025 <\/h4>\n<p><strong>Statsr\u00e5d Jan Tore Sanner<\/strong> har klart sagt at staten ikke vil lage \u00aben overordnet generalplan\u00bb for IKT. Sektorprinsippet og ministerstyre skal gjelde. Men det en kan skape er <strong>et felles m\u00e5lbilde<\/strong> for samtlige etater og forvaltningsniv\u00e5er hvor utgangspunktet er nettopp de \u00f8kte krav og forventninger til offentlig sektor som f\u00f8lger av endringer i \u00f8konomien i \u00e5rene fremover: samordnede tjenester p\u00e5 tvers av sektorer, \u00f8kt brukermedvirkning i utviklingen av slike tjenester, registersamordning, felles informasjonsforvaltning, st\u00f8rre grad av samspill med privat sektor for \u00e5 drive frem innovative l\u00f8sninger, etc.  <\/p>\n<h1>PROGRAM &mdash; M\u00f8teleder Frode Ettesvoll, More AS<\/h1>\n<table>\n<thead>\n<tr>\n<th>Tid<\/th>\n<th>Tema<\/th>\n<\/tr>\n<\/thead>\n<tbody>\n<tr>\n<td>08:15 &#8211; 09:00<\/td>\n<td>Fremm\u00f8te og frukt\/kaffe\/mineralvann <\/td>\n<\/tr>\n<tr>\n<td>09:00 &#8211; 09:10<\/td>\n<td><a href=\"https:\/\/www.semicolon.no\/wp-content\/uploads\/2014\/12\/Grimstad-Innledning-mote-10-m\u00e5lbilde-offentlig-sektor.pdf\">Innledning om \u00abnye\u00bb Samhandlingsarena<\/a> v\/ daglig leder <strong>Terje Grimstad, Karde<\/strong><\/td>\n<\/tr>\n<tr>\n<td>09:10 &#8211; 09:30<\/td>\n<td><a href=\"https:\/\/www.semicolon.no\/wp-content\/uploads\/2014\/12\/Mathilde-Fasting-11.12.2014-1.pdf\">Norge i 2015 \u2013 en virkelighets- eller elendighetsbeskrivelse?<\/a> v\/sivil\u00f8konom og idehistoriker <strong>Matilde Fasting, Civita<\/strong><\/td>\n<\/tr>\n<tr>\n<td>09:30 &#8211; 10:10<\/td>\n<td><a href=\"https:\/\/www.semicolon.no\/wp-content\/uploads\/2014\/12\/Christine-Helse-11.12.2014.pdf\">Hvordan kan \u00abHelseNorge\u00bb m\u00f8te denne utfordringen? Hva er visjonen for HelseNore 2025?<\/a> v\/ assisterende helsedirekt\u00f8r eHelse <strong>Christine Bergland, Helsedirektoratet<\/strong><\/td>\n<\/tr>\n<tr>\n<td>10:10 &#8211; 10:30<\/td>\n<td><a href=\"https:\/\/www.semicolon.no\/wp-content\/uploads\/2014\/12\/trude-KS-11.12.pdf\">M\u00e5lbilde for kommunal sektor 2025 &#8211; samspillet statlig og kommunal sektor<\/a>, v\/ Innovasjonsdirekt\u00f8r <strong>Trude Andresen, KS<\/strong><\/td>\n<\/tr>\n<tr>\n<td>10:30 &#8211; 10:50<\/td>\n<td>Benstrekk<\/td>\n<\/tr>\n<tr>\n<td>10:50 &#8211; 11:10<\/td>\n<td><a href=\"https:\/\/www.semicolon.no\/wp-content\/uploads\/2014\/12\/Ragnvald-Sannes-11.12.2014.pdf\">Hva er NAVs utfordringer i det fremtidige m\u00e5lbildet for offentlig sektor? Et blikk fra utsiden<\/a> <strong>Ragnvald Sannes F\u00f8rstelektor, Institutt for ledelse og organisasjon Handelsh\u00f8yskolen BI<\/strong><\/td>\n<\/tr>\n<tr>\n<td>11:10 &#8211; 11:30<\/td>\n<td><a href=\"https:\/\/www.semicolon.no\/wp-content\/uploads\/2014\/12\/Nokios-scenarie.pdf\">Hva kjennetegner den gode digitale tjenesten i 2025?<\/a> v\/ <strong>Axel Birkeland, Statens Innkrevingssentral<\/strong><\/td>\n<\/tr>\n<tr>\n<td>11:30 &#8211; 11:50<\/td>\n<td><a href=\"https:\/\/www.semicolon.no\/wp-content\/uploads\/2014\/12\/erlend-samhandling10.pdf\">Alternative scenarier for offentlig sektor 2025 \u2013 Semicolons bidrag<\/a>, v\/ seniorr\u00e5dgiver <strong>Erlend \u00d8verby, Karde<\/strong><\/td>\n<\/tr>\n<tr>\n<td>11:50 &#8211; 12:30<\/td>\n<td>Lunsj og \u00abnetworking\u00bb<\/td>\n<\/tr>\n<tr>\n<td>12:30 &#8211; 14:30<\/td>\n<td>Paneldebatt. Fasilitator: <strong>Arild Haraldsen, NorStelle<\/strong> <\/p>\n<ul><lh>Deltagere:<\/lh><\/p>\n<li>Adm. dir. Lars Peder Brekk, Br\u00f8nn\u00f8ysundregistrene<\/li>\n<li>Konstituert dir. Ingelin Killengreen, Difi<\/li>\n<li>Direkt\u00f8r n\u00e6ringspolitikk, Hilde Wider\u00f8e Wibe, Abelia<\/li>\n<li>Viseadm. dir. Heidi Austlid, IKT Norge<\/li>\n<li>Styreleder Dataforeningen Cathrine Klouman, CIO Harald A. M\u00f8ller<\/li>\n<\/ul>\n<\/td>\n<\/tr>\n<tr>\n<td><\/td>\n<td><a href=\"https:\/\/www.semicolon.no\/wp-content\/uploads\/2014\/12\/Samhandlingsarena-NorStella-11.12.pdf\">Norstella, ny faggruppe for samhandling, endringsledelse, forenkling og tjenestedesign<\/a>, <strong>Styreleder Jon Arve Risan<\/strong><\/td>\n<\/tr>\n<\/tbody>\n<\/table>\n<h2>Om \u00abnye\u00bb Samhandlingsarena i regi av Semicolon.no i samarbeid med NorStella, og st\u00f8ttet av Norsk Forskningsr\u00e5d:<\/h2>\n<p><strong>Semicolon.no<\/strong> er en videref\u00f8ring av det forskningsprosjektet som de siste 6 \u00e5rene har bidratt til \u00e5 belyse de utfordringer som offentlig sektor har i forhold til elektronisk samhandling, og \u00e5 bidra til \u00e5 overkomme de hindringer en ser, se www.semicolon.no. Et viktig aspekt ved prosjektet har v\u00e6rt \u00e5 samle tverrfaglige og tverrsektorielle milj\u00f8er i en felles m\u00f8tearena. Det er denne m\u00f8tearenaen \u2013 kalt Samhandlingsarena \u2013 som n\u00e5 videref\u00f8res, finansiert av Norges Forskningsr\u00e5d og NorStella.<\/p>\n<p><strong>NorStella<\/strong> er en uavhengig stiftelse som arbeider for elektronisk samhandling ved bruk av \u00e5pne, internasjonale standarder, se <a href=\"http:\/\/www.norstella.no\/\">www.norstella.no<\/a>. <\/p>\n<p>Arrangementet har f\u00e5tt arrangementsst\u00f8tte fra Norges Forskningsr\u00e5d<\/p>\n","protected":false},"excerpt":{"rendered":"<p>10. Samhandlingsarena M\u00c5LBILDE OFFENTLIG SEKTOR 2025 \u2013 HVA M\u00c5 GJ\u00d8RES? Samhandlingsarena #10 ble gjennomf\u00f8rt 11.Desember 2014 med over 80 p\u00e5meldte. Presentasjoner er linket inn i programmet under. Norge st\u00e5r ovenfor en ny \u00f8konomisk virkelighet. Eldreb\u00f8lgen og lavere oljeinntekter vil kreve &hellip; <a href=\"https:\/\/www.semicolon.no\/?p=1190\">Continue reading <span class=\"meta-nav\">&rarr;<\/span><\/a><\/p>\n","protected":false},"author":2,"featured_media":0,"comment_status":"closed","ping_status":"closed","sticky":false,"template":"","format":"standard","meta":{"footnotes":""},"categories":[61,43,1],"tags":[],"class_list":["post-1190","post","type-post","status-publish","format-standard","hentry","category-nyheter","category-samhandling","category-uncategorized"],"_links":{"self":[{"href":"https:\/\/www.semicolon.no\/index.php?rest_route=\/wp\/v2\/posts\/1190","targetHints":{"allow":["GET"]}}],"collection":[{"href":"https:\/\/www.semicolon.no\/index.php?rest_route=\/wp\/v2\/posts"}],"about":[{"href":"https:\/\/www.semicolon.no\/index.php?rest_route=\/wp\/v2\/types\/post"}],"author":[{"embeddable":true,"href":"https:\/\/www.semicolon.no\/index.php?rest_route=\/wp\/v2\/users\/2"}],"replies":[{"embeddable":true,"href":"https:\/\/www.semicolon.no\/index.php?rest_route=%2Fwp%2Fv2%2Fcomments&post=1190"}],"version-history":[{"count":0,"href":"https:\/\/www.semicolon.no\/index.php?rest_route=\/wp\/v2\/posts\/1190\/revisions"}],"wp:attachment":[{"href":"https:\/\/www.semicolon.no\/index.php?rest_route=%2Fwp%2Fv2%2Fmedia&parent=1190"}],"wp:term":[{"taxonomy":"category","embeddable":true,"href":"https:\/\/www.semicolon.no\/index.php?rest_route=%2Fwp%2Fv2%2Fcategories&post=1190"},{"taxonomy":"post_tag","embeddable":true,"href":"https:\/\/www.semicolon.no\/index.php?rest_route=%2Fwp%2Fv2%2Ftags&post=1190"}],"curies":[{"name":"wp","href":"https:\/\/api.w.org\/{rel}","templated":true}]}}