{"id":383,"date":"2013-02-11T12:35:36","date_gmt":"2013-02-11T11:35:36","guid":{"rendered":"http:\/\/test.semicolon.no\/?p=383"},"modified":"2013-03-15T22:16:40","modified_gmt":"2013-03-15T21:16:40","slug":"mote-nr-1","status":"publish","type":"post","link":"https:\/\/www.semicolon.no\/?p=383","title":{"rendered":"M\u00f8te nr. 1"},"content":{"rendered":"<p><b>Hva b\u00f8r oppgaven v\u00e6re?<\/b><\/p>\n<p>P\u00e5 det f\u00f8rste m\u00f8tet ble det diskutert hva samhandlingsarenaen skal g\u00e5 ut p\u00e5.<br \/>\nHva b\u00f8r oppgaven og aktivitetene v\u00e6re?\u00a0Hvilke milj\u00f8er b\u00f8r delta?<\/p>\n<p>Samhandlingsarenaen skal v\u00e6re:<\/p>\n<ul>\n<li>En felles arena for diskusjon og erfaringsutveksling fra milj\u00f8er (offentlig og privat) som arbeider\u2028 med elektronisk samhandling. Diskusjonen skal ha fokus p\u00e5 juridiske, styringsmessige og organisatoriske\u2028 problemstillinger og utfordringer, og ikke prim\u00e6rt teknologi.<\/li>\n<li>En &#8220;testarena&#8221; for de prosjekter som inng\u00e5r i Semicolon-samarbeidet. Casene skal belyse aktuelle problemstillinger, og bidra til videreutvikling av \u2028disse prosjektene.<\/li>\n<li>En p\u00e5driver overfor offentlig sektor for \u00e5 f\u00e5 til elektronisk samhandling. \u2028En slik arena, best\u00e5ende av tverrfaglige og kompetente milj\u00f8er som ikke er knyttet opp til den enkelte etat,\u2028 vil ha st\u00f8rre mulighet for n\u00f8ytral og faglig p\u00e5virkning enn enkeltetater.<\/li>\n<\/ul>\n<p><a href=\"https:\/\/www.semicolon.no\/wp-content\/uploads\/2013\/02\/SAMH_Ref1.pdf\" target=\"_blank\">Referat fra m\u00f8te nr.\u00a01<\/a><\/p>\n<p><strong>Foredrag:<\/strong><\/p>\n<p>1. Jim Yang:\u00a0<a href=\"https:\/\/www.semicolon.no\/wp-content\/uploads\/2013\/02\/SAMH_M1_Yang.pdf\" target=\"_blank\">Semicolon i Shanghai og Beijing<\/a><a title=\"Casebeskrivelse\" href=\"https:\/\/www.semicolon.no\/FOLK_Case.pdf\" target=\"_blank\"><br \/>\n<\/a>2. Arild Jansen og Ivar Berg-Jacobsen:\u00a0<a href=\"https:\/\/www.semicolon.no\/wp-content\/uploads\/2013\/02\/SAMH_M1_Jansen.pdf\" target=\"_blank\">IT-styring i departementene:<br \/>\nHvorfor er forskjellene s\u00e5 store og b\u00f8r dette samordnes sterkere?\u00a0<\/a><a title=\"Casebeskrivelse\" href=\"https:\/\/www.semicolon.no\/FOLK_Case.pdf\" target=\"_blank\"><br \/>\n<\/a>3. Boris Sch\u00fcrmann:\u00a0<a title=\"Lysark \u00e5pnes i nytt vindu\" href=\"https:\/\/www.semicolon.no\/wp-content\/uploads\/2013\/02\/SAMH_M1_Schurmann.pdf\" target=\"_blank\">Modernisering av folkeregisteret<\/a><a title=\"Casebeskrivelse\" href=\"https:\/\/www.semicolon.no\/FOLK_Case.pdf\" target=\"_blank\"><br \/>\n<\/a><\/p>\n","protected":false},"excerpt":{"rendered":"<p>Hva b\u00f8r oppgaven v\u00e6re? P\u00e5 det f\u00f8rste m\u00f8tet ble det diskutert hva samhandlingsarenaen skal g\u00e5 ut p\u00e5. Hva b\u00f8r oppgaven og aktivitetene v\u00e6re?\u00a0Hvilke milj\u00f8er b\u00f8r delta? Samhandlingsarenaen skal v\u00e6re: En felles arena for diskusjon og erfaringsutveksling fra milj\u00f8er (offentlig og &hellip; <a href=\"https:\/\/www.semicolon.no\/?p=383\">Continue reading <span class=\"meta-nav\">&rarr;<\/span><\/a><\/p>\n","protected":false},"author":4,"featured_media":0,"comment_status":"closed","ping_status":"closed","sticky":false,"template":"","format":"standard","meta":{"footnotes":""},"categories":[43],"tags":[],"class_list":["post-383","post","type-post","status-publish","format-standard","hentry","category-samhandling"],"_links":{"self":[{"href":"https:\/\/www.semicolon.no\/index.php?rest_route=\/wp\/v2\/posts\/383","targetHints":{"allow":["GET"]}}],"collection":[{"href":"https:\/\/www.semicolon.no\/index.php?rest_route=\/wp\/v2\/posts"}],"about":[{"href":"https:\/\/www.semicolon.no\/index.php?rest_route=\/wp\/v2\/types\/post"}],"author":[{"embeddable":true,"href":"https:\/\/www.semicolon.no\/index.php?rest_route=\/wp\/v2\/users\/4"}],"replies":[{"embeddable":true,"href":"https:\/\/www.semicolon.no\/index.php?rest_route=%2Fwp%2Fv2%2Fcomments&post=383"}],"version-history":[{"count":0,"href":"https:\/\/www.semicolon.no\/index.php?rest_route=\/wp\/v2\/posts\/383\/revisions"}],"wp:attachment":[{"href":"https:\/\/www.semicolon.no\/index.php?rest_route=%2Fwp%2Fv2%2Fmedia&parent=383"}],"wp:term":[{"taxonomy":"category","embeddable":true,"href":"https:\/\/www.semicolon.no\/index.php?rest_route=%2Fwp%2Fv2%2Fcategories&post=383"},{"taxonomy":"post_tag","embeddable":true,"href":"https:\/\/www.semicolon.no\/index.php?rest_route=%2Fwp%2Fv2%2Ftags&post=383"}],"curies":[{"name":"wp","href":"https:\/\/api.w.org\/{rel}","templated":true}]}}